{"id":905,"date":"2024-09-13T20:04:13","date_gmt":"2024-09-13T18:04:13","guid":{"rendered":"https:\/\/www.joanamundana.com\/?p=905"},"modified":"2024-09-13T20:04:15","modified_gmt":"2024-09-13T18:04:15","slug":"mural-de-sao-joao","status":"publish","type":"post","link":"https:\/\/www.joanamundana.com\/en\/mural-de-sao-joao\/","title":{"rendered":"MURAL DE S\u00c3O JO\u00c3O"},"content":{"rendered":"<div class=\"wp-block-columns is-layout-flex wp-container-core-columns-is-layout-1 wp-block-columns-is-layout-flex\">\n<div class=\"wp-block-column is-layout-flow wp-block-column-is-layout-flow\" style=\"flex-basis:40%\">\n<h4 class=\"wp-block-heading\">MURAL DE S\u00c3O JO\u00c3O<\/h4>\n\n\n\n<p>aqui vou escrever o texto sobre as pe\u00e7as e a exposi\u00e7\u00e3o de<\/p>\n\n\n\n<p>2023<\/p>\n<\/div>\n\n\n\n<div class=\"wp-block-column is-layout-flow wp-block-column-is-layout-flow\" style=\"flex-basis:66.66%\">\n<figure class=\"wp-block-gallery aligncenter has-nested-images columns-default wp-block-gallery-1 is-layout-flex wp-block-gallery-is-layout-flex\">\n<figure class=\"wp-block-image size-full\"><img loading=\"lazy\" decoding=\"async\" width=\"900\" height=\"1200\" src=\"https:\/\/www.joanamundana.com\/wp-content\/uploads\/2024\/09\/ilustracao-illustration-joana-mundana-illustrator-ilustradora-portugal-sao-joao-exposicao-porto-azulejo-mural-boavista-ceramica.jpg\" alt=\"\" class=\"wp-image-908\" srcset=\"https:\/\/www.joanamundana.com\/wp-content\/uploads\/2024\/09\/ilustracao-illustration-joana-mundana-illustrator-ilustradora-portugal-sao-joao-exposicao-porto-azulejo-mural-boavista-ceramica.jpg 900w, https:\/\/www.joanamundana.com\/wp-content\/uploads\/2024\/09\/ilustracao-illustration-joana-mundana-illustrator-ilustradora-portugal-sao-joao-exposicao-porto-azulejo-mural-boavista-ceramica-225x300.jpg 225w, https:\/\/www.joanamundana.com\/wp-content\/uploads\/2024\/09\/ilustracao-illustration-joana-mundana-illustrator-ilustradora-portugal-sao-joao-exposicao-porto-azulejo-mural-boavista-ceramica-768x1024.jpg 768w, https:\/\/www.joanamundana.com\/wp-content\/uploads\/2024\/09\/ilustracao-illustration-joana-mundana-illustrator-ilustradora-portugal-sao-joao-exposicao-porto-azulejo-mural-boavista-ceramica-9x12.jpg 9w, https:\/\/www.joanamundana.com\/wp-content\/uploads\/2024\/09\/ilustracao-illustration-joana-mundana-illustrator-ilustradora-portugal-sao-joao-exposicao-porto-azulejo-mural-boavista-ceramica-18x24.jpg 18w, https:\/\/www.joanamundana.com\/wp-content\/uploads\/2024\/09\/ilustracao-illustration-joana-mundana-illustrator-ilustradora-portugal-sao-joao-exposicao-porto-azulejo-mural-boavista-ceramica-27x36.jpg 27w, https:\/\/www.joanamundana.com\/wp-content\/uploads\/2024\/09\/ilustracao-illustration-joana-mundana-illustrator-ilustradora-portugal-sao-joao-exposicao-porto-azulejo-mural-boavista-ceramica-36x48.jpg 36w\" sizes=\"(max-width: 900px) 100vw, 900px\" \/><\/figure>\n<\/figure>\n<\/div>\n<\/div>\n\n\n\n<figure class=\"wp-block-gallery has-nested-images columns-default is-cropped wp-block-gallery-2 is-layout-flex wp-block-gallery-is-layout-flex\">\n<figure class=\"wp-block-image size-large\"><img loading=\"lazy\" decoding=\"async\" width=\"700\" height=\"700\" data-id=\"910\" src=\"https:\/\/www.joanamundana.com\/wp-content\/uploads\/2024\/09\/ilustracao-illustration-joana-mundana-illustrator-ilustradora-portugal-sao-joao-exposicao-porto-azulejo-mural_mangerico-ceramica.jpg\" alt=\"\" class=\"wp-image-910\" srcset=\"https:\/\/www.joanamundana.com\/wp-content\/uploads\/2024\/09\/ilustracao-illustration-joana-mundana-illustrator-ilustradora-portugal-sao-joao-exposicao-porto-azulejo-mural_mangerico-ceramica.jpg 700w, https:\/\/www.joanamundana.com\/wp-content\/uploads\/2024\/09\/ilustracao-illustration-joana-mundana-illustrator-ilustradora-portugal-sao-joao-exposicao-porto-azulejo-mural_mangerico-ceramica-300x300.jpg 300w, https:\/\/www.joanamundana.com\/wp-content\/uploads\/2024\/09\/ilustracao-illustration-joana-mundana-illustrator-ilustradora-portugal-sao-joao-exposicao-porto-azulejo-mural_mangerico-ceramica-150x150.jpg 150w, https:\/\/www.joanamundana.com\/wp-content\/uploads\/2024\/09\/ilustracao-illustration-joana-mundana-illustrator-ilustradora-portugal-sao-joao-exposicao-porto-azulejo-mural_mangerico-ceramica-12x12.jpg 12w, https:\/\/www.joanamundana.com\/wp-content\/uploads\/2024\/09\/ilustracao-illustration-joana-mundana-illustrator-ilustradora-portugal-sao-joao-exposicao-porto-azulejo-mural_mangerico-ceramica-24x24.jpg 24w, https:\/\/www.joanamundana.com\/wp-content\/uploads\/2024\/09\/ilustracao-illustration-joana-mundana-illustrator-ilustradora-portugal-sao-joao-exposicao-porto-azulejo-mural_mangerico-ceramica-36x36.jpg 36w, https:\/\/www.joanamundana.com\/wp-content\/uploads\/2024\/09\/ilustracao-illustration-joana-mundana-illustrator-ilustradora-portugal-sao-joao-exposicao-porto-azulejo-mural_mangerico-ceramica-48x48.jpg 48w\" sizes=\"(max-width: 700px) 100vw, 700px\" \/><\/figure>\n\n\n\n<figure class=\"wp-block-image size-large\"><img loading=\"lazy\" decoding=\"async\" width=\"700\" height=\"700\" data-id=\"915\" src=\"https:\/\/www.joanamundana.com\/wp-content\/uploads\/2024\/09\/ilustracao-illustration-joana-mundana-illustrator-ilustradora-portugal-sao-joao-exposicao-porto-azulejo-mural_brinde_cerveja_superbock-ceramica.jpg\" alt=\"\" class=\"wp-image-915\" srcset=\"https:\/\/www.joanamundana.com\/wp-content\/uploads\/2024\/09\/ilustracao-illustration-joana-mundana-illustrator-ilustradora-portugal-sao-joao-exposicao-porto-azulejo-mural_brinde_cerveja_superbock-ceramica.jpg 700w, https:\/\/www.joanamundana.com\/wp-content\/uploads\/2024\/09\/ilustracao-illustration-joana-mundana-illustrator-ilustradora-portugal-sao-joao-exposicao-porto-azulejo-mural_brinde_cerveja_superbock-ceramica-300x300.jpg 300w, https:\/\/www.joanamundana.com\/wp-content\/uploads\/2024\/09\/ilustracao-illustration-joana-mundana-illustrator-ilustradora-portugal-sao-joao-exposicao-porto-azulejo-mural_brinde_cerveja_superbock-ceramica-150x150.jpg 150w, https:\/\/www.joanamundana.com\/wp-content\/uploads\/2024\/09\/ilustracao-illustration-joana-mundana-illustrator-ilustradora-portugal-sao-joao-exposicao-porto-azulejo-mural_brinde_cerveja_superbock-ceramica-12x12.jpg 12w, https:\/\/www.joanamundana.com\/wp-content\/uploads\/2024\/09\/ilustracao-illustration-joana-mundana-illustrator-ilustradora-portugal-sao-joao-exposicao-porto-azulejo-mural_brinde_cerveja_superbock-ceramica-24x24.jpg 24w, https:\/\/www.joanamundana.com\/wp-content\/uploads\/2024\/09\/ilustracao-illustration-joana-mundana-illustrator-ilustradora-portugal-sao-joao-exposicao-porto-azulejo-mural_brinde_cerveja_superbock-ceramica-36x36.jpg 36w, https:\/\/www.joanamundana.com\/wp-content\/uploads\/2024\/09\/ilustracao-illustration-joana-mundana-illustrator-ilustradora-portugal-sao-joao-exposicao-porto-azulejo-mural_brinde_cerveja_superbock-ceramica-48x48.jpg 48w\" sizes=\"(max-width: 700px) 100vw, 700px\" \/><\/figure>\n\n\n\n<figure class=\"wp-block-image size-large\"><img loading=\"lazy\" decoding=\"async\" width=\"700\" height=\"700\" data-id=\"913\" src=\"https:\/\/www.joanamundana.com\/wp-content\/uploads\/2024\/09\/ilustracao-illustration-joana-mundana-illustrator-ilustradora-portugal-sao-joao-exposicao-porto-azulejo-mural_sardinha-no-pao-ceramica.jpg\" alt=\"\" class=\"wp-image-913\" srcset=\"https:\/\/www.joanamundana.com\/wp-content\/uploads\/2024\/09\/ilustracao-illustration-joana-mundana-illustrator-ilustradora-portugal-sao-joao-exposicao-porto-azulejo-mural_sardinha-no-pao-ceramica.jpg 700w, https:\/\/www.joanamundana.com\/wp-content\/uploads\/2024\/09\/ilustracao-illustration-joana-mundana-illustrator-ilustradora-portugal-sao-joao-exposicao-porto-azulejo-mural_sardinha-no-pao-ceramica-300x300.jpg 300w, https:\/\/www.joanamundana.com\/wp-content\/uploads\/2024\/09\/ilustracao-illustration-joana-mundana-illustrator-ilustradora-portugal-sao-joao-exposicao-porto-azulejo-mural_sardinha-no-pao-ceramica-150x150.jpg 150w, https:\/\/www.joanamundana.com\/wp-content\/uploads\/2024\/09\/ilustracao-illustration-joana-mundana-illustrator-ilustradora-portugal-sao-joao-exposicao-porto-azulejo-mural_sardinha-no-pao-ceramica-12x12.jpg 12w, https:\/\/www.joanamundana.com\/wp-content\/uploads\/2024\/09\/ilustracao-illustration-joana-mundana-illustrator-ilustradora-portugal-sao-joao-exposicao-porto-azulejo-mural_sardinha-no-pao-ceramica-24x24.jpg 24w, https:\/\/www.joanamundana.com\/wp-content\/uploads\/2024\/09\/ilustracao-illustration-joana-mundana-illustrator-ilustradora-portugal-sao-joao-exposicao-porto-azulejo-mural_sardinha-no-pao-ceramica-36x36.jpg 36w, https:\/\/www.joanamundana.com\/wp-content\/uploads\/2024\/09\/ilustracao-illustration-joana-mundana-illustrator-ilustradora-portugal-sao-joao-exposicao-porto-azulejo-mural_sardinha-no-pao-ceramica-48x48.jpg 48w\" sizes=\"(max-width: 700px) 100vw, 700px\" \/><\/figure>\n\n\n\n<figure class=\"wp-block-image size-large\"><img loading=\"lazy\" decoding=\"async\" width=\"700\" height=\"700\" data-id=\"914\" src=\"https:\/\/www.joanamundana.com\/wp-content\/uploads\/2024\/09\/ilustracao-illustration-joana-mundana-illustrator-ilustradora-portugal-sao-joao-exposicao-porto-azulejo-mural_balao-boavista-ceramica.jpg\" alt=\"\" class=\"wp-image-914\" srcset=\"https:\/\/www.joanamundana.com\/wp-content\/uploads\/2024\/09\/ilustracao-illustration-joana-mundana-illustrator-ilustradora-portugal-sao-joao-exposicao-porto-azulejo-mural_balao-boavista-ceramica.jpg 700w, https:\/\/www.joanamundana.com\/wp-content\/uploads\/2024\/09\/ilustracao-illustration-joana-mundana-illustrator-ilustradora-portugal-sao-joao-exposicao-porto-azulejo-mural_balao-boavista-ceramica-300x300.jpg 300w, https:\/\/www.joanamundana.com\/wp-content\/uploads\/2024\/09\/ilustracao-illustration-joana-mundana-illustrator-ilustradora-portugal-sao-joao-exposicao-porto-azulejo-mural_balao-boavista-ceramica-150x150.jpg 150w, https:\/\/www.joanamundana.com\/wp-content\/uploads\/2024\/09\/ilustracao-illustration-joana-mundana-illustrator-ilustradora-portugal-sao-joao-exposicao-porto-azulejo-mural_balao-boavista-ceramica-12x12.jpg 12w, https:\/\/www.joanamundana.com\/wp-content\/uploads\/2024\/09\/ilustracao-illustration-joana-mundana-illustrator-ilustradora-portugal-sao-joao-exposicao-porto-azulejo-mural_balao-boavista-ceramica-24x24.jpg 24w, https:\/\/www.joanamundana.com\/wp-content\/uploads\/2024\/09\/ilustracao-illustration-joana-mundana-illustrator-ilustradora-portugal-sao-joao-exposicao-porto-azulejo-mural_balao-boavista-ceramica-36x36.jpg 36w, https:\/\/www.joanamundana.com\/wp-content\/uploads\/2024\/09\/ilustracao-illustration-joana-mundana-illustrator-ilustradora-portugal-sao-joao-exposicao-porto-azulejo-mural_balao-boavista-ceramica-48x48.jpg 48w\" sizes=\"(max-width: 700px) 100vw, 700px\" \/><\/figure>\n\n\n\n<figure class=\"wp-block-image size-large\"><img loading=\"lazy\" decoding=\"async\" width=\"700\" height=\"700\" data-id=\"911\" src=\"https:\/\/www.joanamundana.com\/wp-content\/uploads\/2024\/09\/ilustracao-illustration-joana-mundana-illustrator-ilustradora-portugal-sao-joao-exposicao-porto-azulejo-mural_martelos_alhos-porros-ceramica.jpg\" alt=\"\" class=\"wp-image-911\" srcset=\"https:\/\/www.joanamundana.com\/wp-content\/uploads\/2024\/09\/ilustracao-illustration-joana-mundana-illustrator-ilustradora-portugal-sao-joao-exposicao-porto-azulejo-mural_martelos_alhos-porros-ceramica.jpg 700w, https:\/\/www.joanamundana.com\/wp-content\/uploads\/2024\/09\/ilustracao-illustration-joana-mundana-illustrator-ilustradora-portugal-sao-joao-exposicao-porto-azulejo-mural_martelos_alhos-porros-ceramica-300x300.jpg 300w, https:\/\/www.joanamundana.com\/wp-content\/uploads\/2024\/09\/ilustracao-illustration-joana-mundana-illustrator-ilustradora-portugal-sao-joao-exposicao-porto-azulejo-mural_martelos_alhos-porros-ceramica-150x150.jpg 150w, https:\/\/www.joanamundana.com\/wp-content\/uploads\/2024\/09\/ilustracao-illustration-joana-mundana-illustrator-ilustradora-portugal-sao-joao-exposicao-porto-azulejo-mural_martelos_alhos-porros-ceramica-12x12.jpg 12w, https:\/\/www.joanamundana.com\/wp-content\/uploads\/2024\/09\/ilustracao-illustration-joana-mundana-illustrator-ilustradora-portugal-sao-joao-exposicao-porto-azulejo-mural_martelos_alhos-porros-ceramica-24x24.jpg 24w, https:\/\/www.joanamundana.com\/wp-content\/uploads\/2024\/09\/ilustracao-illustration-joana-mundana-illustrator-ilustradora-portugal-sao-joao-exposicao-porto-azulejo-mural_martelos_alhos-porros-ceramica-36x36.jpg 36w, https:\/\/www.joanamundana.com\/wp-content\/uploads\/2024\/09\/ilustracao-illustration-joana-mundana-illustrator-ilustradora-portugal-sao-joao-exposicao-porto-azulejo-mural_martelos_alhos-porros-ceramica-48x48.jpg 48w\" sizes=\"(max-width: 700px) 100vw, 700px\" \/><\/figure>\n\n\n\n<figure class=\"wp-block-image size-large\"><img loading=\"lazy\" decoding=\"async\" width=\"700\" height=\"700\" data-id=\"912\" src=\"https:\/\/www.joanamundana.com\/wp-content\/uploads\/2024\/09\/ilustracao-illustration-joana-mundana-illustrator-ilustradora-portugal-sao-joao-exposicao-porto-azulejo-mural_roda-gigante-boavista-ceramica.jpg\" alt=\"\" class=\"wp-image-912\" srcset=\"https:\/\/www.joanamundana.com\/wp-content\/uploads\/2024\/09\/ilustracao-illustration-joana-mundana-illustrator-ilustradora-portugal-sao-joao-exposicao-porto-azulejo-mural_roda-gigante-boavista-ceramica.jpg 700w, https:\/\/www.joanamundana.com\/wp-content\/uploads\/2024\/09\/ilustracao-illustration-joana-mundana-illustrator-ilustradora-portugal-sao-joao-exposicao-porto-azulejo-mural_roda-gigante-boavista-ceramica-300x300.jpg 300w, https:\/\/www.joanamundana.com\/wp-content\/uploads\/2024\/09\/ilustracao-illustration-joana-mundana-illustrator-ilustradora-portugal-sao-joao-exposicao-porto-azulejo-mural_roda-gigante-boavista-ceramica-150x150.jpg 150w, https:\/\/www.joanamundana.com\/wp-content\/uploads\/2024\/09\/ilustracao-illustration-joana-mundana-illustrator-ilustradora-portugal-sao-joao-exposicao-porto-azulejo-mural_roda-gigante-boavista-ceramica-12x12.jpg 12w, https:\/\/www.joanamundana.com\/wp-content\/uploads\/2024\/09\/ilustracao-illustration-joana-mundana-illustrator-ilustradora-portugal-sao-joao-exposicao-porto-azulejo-mural_roda-gigante-boavista-ceramica-24x24.jpg 24w, https:\/\/www.joanamundana.com\/wp-content\/uploads\/2024\/09\/ilustracao-illustration-joana-mundana-illustrator-ilustradora-portugal-sao-joao-exposicao-porto-azulejo-mural_roda-gigante-boavista-ceramica-36x36.jpg 36w, https:\/\/www.joanamundana.com\/wp-content\/uploads\/2024\/09\/ilustracao-illustration-joana-mundana-illustrator-ilustradora-portugal-sao-joao-exposicao-porto-azulejo-mural_roda-gigante-boavista-ceramica-48x48.jpg 48w\" sizes=\"(max-width: 700px) 100vw, 700px\" \/><\/figure>\n<\/figure>","protected":false},"excerpt":{"rendered":"<p>MURAL DE S\u00c3O JO\u00c3O aqui vou escrever o texto sobre as pe\u00e7as e a exposi\u00e7\u00e3o de 2023<\/p>","protected":false},"author":1,"featured_media":909,"comment_status":"closed","ping_status":"closed","sticky":false,"template":"","format":"standard","meta":{"_seopress_robots_primary_cat":"none","_seopress_titles_title":"","_seopress_titles_desc":"","_seopress_robots_index":"yes","footnotes":""},"categories":[17],"tags":[],"class_list":{"0":"post-905","1":"post","2":"type-post","3":"status-publish","4":"format-standard","5":"has-post-thumbnail","7":"category-on"},"_links":{"self":[{"href":"https:\/\/www.joanamundana.com\/en\/wp-json\/wp\/v2\/posts\/905"}],"collection":[{"href":"https:\/\/www.joanamundana.com\/en\/wp-json\/wp\/v2\/posts"}],"about":[{"href":"https:\/\/www.joanamundana.com\/en\/wp-json\/wp\/v2\/types\/post"}],"author":[{"embeddable":true,"href":"https:\/\/www.joanamundana.com\/en\/wp-json\/wp\/v2\/users\/1"}],"replies":[{"embeddable":true,"href":"https:\/\/www.joanamundana.com\/en\/wp-json\/wp\/v2\/comments?post=905"}],"version-history":[{"count":1,"href":"https:\/\/www.joanamundana.com\/en\/wp-json\/wp\/v2\/posts\/905\/revisions"}],"predecessor-version":[{"id":916,"href":"https:\/\/www.joanamundana.com\/en\/wp-json\/wp\/v2\/posts\/905\/revisions\/916"}],"wp:featuredmedia":[{"embeddable":true,"href":"https:\/\/www.joanamundana.com\/en\/wp-json\/wp\/v2\/media\/909"}],"wp:attachment":[{"href":"https:\/\/www.joanamundana.com\/en\/wp-json\/wp\/v2\/media?parent=905"}],"wp:term":[{"taxonomy":"category","embeddable":true,"href":"https:\/\/www.joanamundana.com\/en\/wp-json\/wp\/v2\/categories?post=905"},{"taxonomy":"post_tag","embeddable":true,"href":"https:\/\/www.joanamundana.com\/en\/wp-json\/wp\/v2\/tags?post=905"}],"curies":[{"name":"wp","href":"https:\/\/api.w.org\/{rel}","templated":true}]}}