{"id":376,"date":"2020-07-03T17:57:20","date_gmt":"2020-07-03T15:57:20","guid":{"rendered":"http:\/\/www.joanamundana.com\/?p=376"},"modified":"2024-09-12T18:18:02","modified_gmt":"2024-09-12T16:18:02","slug":"verao-de-sonho","status":"publish","type":"post","link":"https:\/\/www.joanamundana.com\/en\/verao-de-sonho\/","title":{"rendered":"DREAM SUMMER"},"content":{"rendered":"<div class=\"wp-block-columns is-layout-flex wp-container-core-columns-is-layout-1 wp-block-columns-is-layout-flex\">\n<div class=\"wp-block-column is-layout-flow wp-block-column-is-layout-flow\" style=\"flex-basis:40%\">\n<h4 class=\"wp-block-heading\">Dream Summer<\/h4>\n\n\n\n<p class=\" translation-block\">The challenge was launched by Activa magazine: Illustrating the dream summer. <br>\nAnd so, a series of illustrations emerged about the long summer days, and the calm evenings. That lightness with no hurries, nothing scheduled, just the day and night for us to live. <br>It\u2019s about the end of the afternoon when we let ourselves drag in the beach until de sun goes down. Or about those bike rides with no planned time to return, or about the trips with no destination, when we just let ourselves go with the flow.<\/p>\n\n\n\n<p>2020<\/p>\n<\/div>\n\n\n\n<div class=\"wp-block-column is-layout-flow wp-block-column-is-layout-flow\" style=\"flex-basis:66.66%\">\n<figure class=\"wp-block-gallery has-nested-images columns-1 wp-block-gallery-1 is-layout-flex wp-block-gallery-is-layout-flex\">\n<figure class=\"wp-block-image size-large\"><img loading=\"lazy\" decoding=\"async\" width=\"700\" height=\"990\" src=\"https:\/\/www.joanamundana.com\/wp-content\/uploads\/2020\/07\/ilustracao-illustration-joana-mundana-illustrator-ilustradora-portugal-veraodesonho_1.jpg\" alt=\"ver\u00e3o de sonho activa revista praia p\u00f4r do sol sunset summer sun sand sea friends joana mundana - ilustra\u00e7\u00e3o\" class=\"wp-image-384\" srcset=\"https:\/\/www.joanamundana.com\/wp-content\/uploads\/2020\/07\/ilustracao-illustration-joana-mundana-illustrator-ilustradora-portugal-veraodesonho_1.jpg 700w, https:\/\/www.joanamundana.com\/wp-content\/uploads\/2020\/07\/ilustracao-illustration-joana-mundana-illustrator-ilustradora-portugal-veraodesonho_1-212x300.jpg 212w, https:\/\/www.joanamundana.com\/wp-content\/uploads\/2020\/07\/ilustracao-illustration-joana-mundana-illustrator-ilustradora-portugal-veraodesonho_1-17x24.jpg 17w, https:\/\/www.joanamundana.com\/wp-content\/uploads\/2020\/07\/ilustracao-illustration-joana-mundana-illustrator-ilustradora-portugal-veraodesonho_1-25x36.jpg 25w, https:\/\/www.joanamundana.com\/wp-content\/uploads\/2020\/07\/ilustracao-illustration-joana-mundana-illustrator-ilustradora-portugal-veraodesonho_1-34x48.jpg 34w\" sizes=\"(max-width: 700px) 100vw, 700px\" \/><\/figure>\n\n\n\n<figure class=\"wp-block-image size-large\"><img loading=\"lazy\" decoding=\"async\" width=\"700\" height=\"990\" src=\"https:\/\/www.joanamundana.com\/wp-content\/uploads\/2020\/07\/ilustracao-illustration-joana-mundana-illustrator-ilustradora-portugal-veraodesonho_2.jpg\" alt=\"ver\u00e3o de sonho praia passeio bicicleta mar sombras joana mundana - ilustra\u00e7\u00e3o\" class=\"wp-image-385\" srcset=\"https:\/\/www.joanamundana.com\/wp-content\/uploads\/2020\/07\/ilustracao-illustration-joana-mundana-illustrator-ilustradora-portugal-veraodesonho_2.jpg 700w, https:\/\/www.joanamundana.com\/wp-content\/uploads\/2020\/07\/ilustracao-illustration-joana-mundana-illustrator-ilustradora-portugal-veraodesonho_2-212x300.jpg 212w, https:\/\/www.joanamundana.com\/wp-content\/uploads\/2020\/07\/ilustracao-illustration-joana-mundana-illustrator-ilustradora-portugal-veraodesonho_2-17x24.jpg 17w, https:\/\/www.joanamundana.com\/wp-content\/uploads\/2020\/07\/ilustracao-illustration-joana-mundana-illustrator-ilustradora-portugal-veraodesonho_2-25x36.jpg 25w, https:\/\/www.joanamundana.com\/wp-content\/uploads\/2020\/07\/ilustracao-illustration-joana-mundana-illustrator-ilustradora-portugal-veraodesonho_2-34x48.jpg 34w\" sizes=\"(max-width: 700px) 100vw, 700px\" \/><\/figure>\n\n\n\n<figure class=\"wp-block-image size-large\"><img loading=\"lazy\" decoding=\"async\" width=\"700\" height=\"990\" src=\"https:\/\/www.joanamundana.com\/wp-content\/uploads\/2020\/07\/ilustracao-illustration-joana-mundana-illustrator-ilustradora-portugal-veraodesonho_3.jpg\" alt=\"ver\u00e3o de sonho sem destino van life caravana joana mundana - ilustra\u00e7\u00e3o\" class=\"wp-image-386\" srcset=\"https:\/\/www.joanamundana.com\/wp-content\/uploads\/2020\/07\/ilustracao-illustration-joana-mundana-illustrator-ilustradora-portugal-veraodesonho_3.jpg 700w, https:\/\/www.joanamundana.com\/wp-content\/uploads\/2020\/07\/ilustracao-illustration-joana-mundana-illustrator-ilustradora-portugal-veraodesonho_3-212x300.jpg 212w, https:\/\/www.joanamundana.com\/wp-content\/uploads\/2020\/07\/ilustracao-illustration-joana-mundana-illustrator-ilustradora-portugal-veraodesonho_3-17x24.jpg 17w, https:\/\/www.joanamundana.com\/wp-content\/uploads\/2020\/07\/ilustracao-illustration-joana-mundana-illustrator-ilustradora-portugal-veraodesonho_3-25x36.jpg 25w, https:\/\/www.joanamundana.com\/wp-content\/uploads\/2020\/07\/ilustracao-illustration-joana-mundana-illustrator-ilustradora-portugal-veraodesonho_3-34x48.jpg 34w\" sizes=\"(max-width: 700px) 100vw, 700px\" \/><\/figure>\n\n\n\n<figure class=\"wp-block-image size-large\"><img loading=\"lazy\" decoding=\"async\" width=\"700\" height=\"990\" src=\"https:\/\/www.joanamundana.com\/wp-content\/uploads\/2020\/07\/ilustracao-illustration-joana-mundana-illustrator-ilustradora-portugal-veraodesonho_4.jpg\" alt=\"ver\u00e3o de sonho fins de tarde p\u00f4r do sol joana mundana - ilustra\u00e7\u00e3o\" class=\"wp-image-387\" srcset=\"https:\/\/www.joanamundana.com\/wp-content\/uploads\/2020\/07\/ilustracao-illustration-joana-mundana-illustrator-ilustradora-portugal-veraodesonho_4.jpg 700w, https:\/\/www.joanamundana.com\/wp-content\/uploads\/2020\/07\/ilustracao-illustration-joana-mundana-illustrator-ilustradora-portugal-veraodesonho_4-212x300.jpg 212w, https:\/\/www.joanamundana.com\/wp-content\/uploads\/2020\/07\/ilustracao-illustration-joana-mundana-illustrator-ilustradora-portugal-veraodesonho_4-17x24.jpg 17w, https:\/\/www.joanamundana.com\/wp-content\/uploads\/2020\/07\/ilustracao-illustration-joana-mundana-illustrator-ilustradora-portugal-veraodesonho_4-25x36.jpg 25w, https:\/\/www.joanamundana.com\/wp-content\/uploads\/2020\/07\/ilustracao-illustration-joana-mundana-illustrator-ilustradora-portugal-veraodesonho_4-34x48.jpg 34w\" sizes=\"(max-width: 700px) 100vw, 700px\" \/><\/figure>\n\n\n\n<figure class=\"wp-block-image size-large\"><img loading=\"lazy\" decoding=\"async\" width=\"700\" height=\"524\" src=\"https:\/\/www.joanamundana.com\/wp-content\/uploads\/2020\/08\/ilustracao-illustration-joana-mundana-illustrator-ilustradora-portugal-veraodesonho_6.jpg\" alt=\"ver\u00e3o de sonho fins de tarde p\u00f4r do sol joana mundana - ilustra\u00e7\u00e3o\" class=\"wp-image-692\" srcset=\"https:\/\/www.joanamundana.com\/wp-content\/uploads\/2020\/08\/ilustracao-illustration-joana-mundana-illustrator-ilustradora-portugal-veraodesonho_6.jpg 700w, https:\/\/www.joanamundana.com\/wp-content\/uploads\/2020\/08\/ilustracao-illustration-joana-mundana-illustrator-ilustradora-portugal-veraodesonho_6-300x225.jpg 300w, https:\/\/www.joanamundana.com\/wp-content\/uploads\/2020\/08\/ilustracao-illustration-joana-mundana-illustrator-ilustradora-portugal-veraodesonho_6-24x18.jpg 24w, https:\/\/www.joanamundana.com\/wp-content\/uploads\/2020\/08\/ilustracao-illustration-joana-mundana-illustrator-ilustradora-portugal-veraodesonho_6-36x27.jpg 36w, https:\/\/www.joanamundana.com\/wp-content\/uploads\/2020\/08\/ilustracao-illustration-joana-mundana-illustrator-ilustradora-portugal-veraodesonho_6-48x36.jpg 48w\" sizes=\"(max-width: 700px) 100vw, 700px\" \/><\/figure>\n<\/figure>\n<\/div>\n<\/div>","protected":false},"excerpt":{"rendered":"<p>Ver\u00e3o de Sonho O repto foi lan\u00e7ado pela revista Activa: ilustrar o Ver\u00e3o sonhado. E assim surgiu uma s\u00e9rie de ilustra\u00e7\u00f5es sobre os longos dias de Ver\u00e3o, os fins de tarde calmos. Aquela sensa\u00e7\u00e3o de leveza, sem pressas, de quem n\u00e3o tem hor\u00e1rios a cumprir, e que por isso sente, que o dia pode vir [&hellip;]<\/p>","protected":false},"author":1,"featured_media":692,"comment_status":"closed","ping_status":"closed","sticky":false,"template":"","format":"standard","meta":{"_seopress_robots_primary_cat":"none","_seopress_titles_title":"","_seopress_titles_desc":"","_seopress_robots_index":"","footnotes":""},"categories":[17],"tags":[],"class_list":{"0":"post-376","1":"post","2":"type-post","3":"status-publish","4":"format-standard","5":"has-post-thumbnail","7":"category-on"},"_links":{"self":[{"href":"https:\/\/www.joanamundana.com\/en\/wp-json\/wp\/v2\/posts\/376"}],"collection":[{"href":"https:\/\/www.joanamundana.com\/en\/wp-json\/wp\/v2\/posts"}],"about":[{"href":"https:\/\/www.joanamundana.com\/en\/wp-json\/wp\/v2\/types\/post"}],"author":[{"embeddable":true,"href":"https:\/\/www.joanamundana.com\/en\/wp-json\/wp\/v2\/users\/1"}],"replies":[{"embeddable":true,"href":"https:\/\/www.joanamundana.com\/en\/wp-json\/wp\/v2\/comments?post=376"}],"version-history":[{"count":6,"href":"https:\/\/www.joanamundana.com\/en\/wp-json\/wp\/v2\/posts\/376\/revisions"}],"predecessor-version":[{"id":855,"href":"https:\/\/www.joanamundana.com\/en\/wp-json\/wp\/v2\/posts\/376\/revisions\/855"}],"wp:featuredmedia":[{"embeddable":true,"href":"https:\/\/www.joanamundana.com\/en\/wp-json\/wp\/v2\/media\/692"}],"wp:attachment":[{"href":"https:\/\/www.joanamundana.com\/en\/wp-json\/wp\/v2\/media?parent=376"}],"wp:term":[{"taxonomy":"category","embeddable":true,"href":"https:\/\/www.joanamundana.com\/en\/wp-json\/wp\/v2\/categories?post=376"},{"taxonomy":"post_tag","embeddable":true,"href":"https:\/\/www.joanamundana.com\/en\/wp-json\/wp\/v2\/tags?post=376"}],"curies":[{"name":"wp","href":"https:\/\/api.w.org\/{rel}","templated":true}]}}